{"id":1939,"date":"2024-08-19T09:18:11","date_gmt":"2024-08-19T00:18:11","guid":{"rendered":"https:\/\/serve.gov.tl\/?p=1939"},"modified":"2024-08-19T09:18:11","modified_gmt":"2024-08-19T00:18:11","slug":"disclosure-of-the-economic-activity-legislative-in-covalima-municipality","status":"publish","type":"post","link":"https:\/\/serve.gov.tl\/pt\/2024\/08\/19\/disclosure-of-the-economic-activity-legislative-in-covalima-municipality\/","title":{"rendered":"Divulga\u00e7\u00e3o das legisla\u00e7\u00f5es que regulam a atividade econ\u00f3mica no territ\u00f3rio nacional"},"content":{"rendered":"<p align=\"justify\">Covalima, (16\/08\/2024)- Diretor Executivo do SERVE,I.P., Sr. Fausto Soares Dias fez parte dos oradores num semin\u00e1rio em Covalima. Como orador, o Sr. Fausto Soares Dias partilha informa\u00e7\u00e3o e explica sobre o processo de registo comercial no SERVE,I.P. Esta divulga\u00e7\u00e3o de informa\u00e7\u00e3o est\u00e1 relacionada com a legisla\u00e7\u00e3o da actividade econ\u00f3mica em Timor-Leste. Este semin\u00e1rio foi aberto pelo Representante do Presidente da Autarquia e contou com a presen\u00e7a de empres\u00e1rios locais, Comandante da PNTL de Covalima e autoridades locais nos postos administrativos de Covalima.<\/p>","protected":false},"excerpt":{"rendered":"<p>Covalima, (16\/08\/2024)- Diretor Executivo do SERVE,I.P., Sr. Fausto Soares Dias fez parte dos oradores num semin\u00e1rio em Covalima. Como orador, o Sr. Fausto Soares Dias partilha informa\u00e7\u00e3o e explica sobre o processo de registo comercial no SERVE,I.P. Esta divulga\u00e7\u00e3o de informa\u00e7\u00e3o est\u00e1 relacionada com a legisla\u00e7\u00e3o da actividade econ\u00f3mica em Timor-Leste. Este semin\u00e1rio foi aberto pelo Representante do Presidente da Autarquia e contou com a presen\u00e7a de empres\u00e1rios locais, Comandante da PNTL de Covalima e autoridades locais nos postos administrativos de Covalima.<\/p>","protected":false},"author":1,"featured_media":1940,"comment_status":"open","ping_status":"open","sticky":false,"template":"","format":"standard","meta":{"footnotes":""},"categories":[1],"tags":[],"class_list":["post-1939","post","type-post","status-publish","format-standard","has-post-thumbnail","hentry","category-uncategorized"],"acf":[],"_links":{"self":[{"href":"https:\/\/serve.gov.tl\/pt\/wp-json\/wp\/v2\/posts\/1939"}],"collection":[{"href":"https:\/\/serve.gov.tl\/pt\/wp-json\/wp\/v2\/posts"}],"about":[{"href":"https:\/\/serve.gov.tl\/pt\/wp-json\/wp\/v2\/types\/post"}],"author":[{"embeddable":true,"href":"https:\/\/serve.gov.tl\/pt\/wp-json\/wp\/v2\/users\/1"}],"replies":[{"embeddable":true,"href":"https:\/\/serve.gov.tl\/pt\/wp-json\/wp\/v2\/comments?post=1939"}],"version-history":[{"count":2,"href":"https:\/\/serve.gov.tl\/pt\/wp-json\/wp\/v2\/posts\/1939\/revisions"}],"predecessor-version":[{"id":1942,"href":"https:\/\/serve.gov.tl\/pt\/wp-json\/wp\/v2\/posts\/1939\/revisions\/1942"}],"wp:featuredmedia":[{"embeddable":true,"href":"https:\/\/serve.gov.tl\/pt\/wp-json\/wp\/v2\/media\/1940"}],"wp:attachment":[{"href":"https:\/\/serve.gov.tl\/pt\/wp-json\/wp\/v2\/media?parent=1939"}],"wp:term":[{"taxonomy":"category","embeddable":true,"href":"https:\/\/serve.gov.tl\/pt\/wp-json\/wp\/v2\/categories?post=1939"},{"taxonomy":"post_tag","embeddable":true,"href":"https:\/\/serve.gov.tl\/pt\/wp-json\/wp\/v2\/tags?post=1939"}],"curies":[{"name":"wp","href":"https:\/\/api.w.org\/{rel}","templated":true}]}}