{"id":1926,"date":"2024-08-12T15:51:18","date_gmt":"2024-08-12T06:51:18","guid":{"rendered":"https:\/\/serve.gov.tl\/?p=1926"},"modified":"2024-08-12T15:51:18","modified_gmt":"2024-08-12T06:51:18","slug":"vice-executive-director-in-the-mci-meeting","status":"publish","type":"post","link":"https:\/\/serve.gov.tl\/pt\/2024\/08\/12\/vice-executive-director-in-the-mci-meeting\/","title":{"rendered":"Vice Diretora Executiva na reuni\u00e3o em MCI"},"content":{"rendered":"<p align=\"justify\">D\u00edli, 08 de agosto de 2024, Diretor Executivo Adjunto SERVE, IP., Sra. Agusta Antonia Gomes, acompanhada pela representante t\u00e9cnica do supervisor de registo comercial, participaram numa reuni\u00e3o com o Minist\u00e9rio do Com\u00e9rcio e Ind\u00fastria (MCI) atrav\u00e9s da Direc\u00e7\u00e3o Geral do Com\u00e9rcio e da Direc\u00e7\u00e3o Geral da Ind\u00fastria para falar sobre o procedimento para a implementa\u00e7\u00e3o do Sistema de Licenciamento Comercial e Industrial. O encontro permite a discuss\u00e3o nas \u00e1reas essenciais dos licenciamento comercial e industrial e actualizar a implementa\u00e7\u00e3o de pontos-chave sobre licenciamento comercial e industrial, e definir o servi\u00e7o de janela \u00fanica de servi\u00e7os p\u00fablicos para empresas comerciais.<\/p>","protected":false},"excerpt":{"rendered":"<p>D\u00edli, 08 de agosto de 2024, Diretor Executivo Adjunto SERVE, IP., Sra. Agusta Antonia Gomes, acompanhada pelo representante t\u00e9cnico do supervisor de registo comercial[...]<\/p>","protected":false},"author":1,"featured_media":1927,"comment_status":"open","ping_status":"open","sticky":false,"template":"","format":"standard","meta":{"footnotes":""},"categories":[1],"tags":[],"class_list":["post-1926","post","type-post","status-publish","format-standard","has-post-thumbnail","hentry","category-uncategorized"],"acf":[],"_links":{"self":[{"href":"https:\/\/serve.gov.tl\/pt\/wp-json\/wp\/v2\/posts\/1926"}],"collection":[{"href":"https:\/\/serve.gov.tl\/pt\/wp-json\/wp\/v2\/posts"}],"about":[{"href":"https:\/\/serve.gov.tl\/pt\/wp-json\/wp\/v2\/types\/post"}],"author":[{"embeddable":true,"href":"https:\/\/serve.gov.tl\/pt\/wp-json\/wp\/v2\/users\/1"}],"replies":[{"embeddable":true,"href":"https:\/\/serve.gov.tl\/pt\/wp-json\/wp\/v2\/comments?post=1926"}],"version-history":[{"count":1,"href":"https:\/\/serve.gov.tl\/pt\/wp-json\/wp\/v2\/posts\/1926\/revisions"}],"predecessor-version":[{"id":1928,"href":"https:\/\/serve.gov.tl\/pt\/wp-json\/wp\/v2\/posts\/1926\/revisions\/1928"}],"wp:featuredmedia":[{"embeddable":true,"href":"https:\/\/serve.gov.tl\/pt\/wp-json\/wp\/v2\/media\/1927"}],"wp:attachment":[{"href":"https:\/\/serve.gov.tl\/pt\/wp-json\/wp\/v2\/media?parent=1926"}],"wp:term":[{"taxonomy":"category","embeddable":true,"href":"https:\/\/serve.gov.tl\/pt\/wp-json\/wp\/v2\/categories?post=1926"},{"taxonomy":"post_tag","embeddable":true,"href":"https:\/\/serve.gov.tl\/pt\/wp-json\/wp\/v2\/tags?post=1926"}],"curies":[{"name":"wp","href":"https:\/\/api.w.org\/{rel}","templated":true}]}}